{"id":11397,"date":"2024-01-03T17:05:34","date_gmt":"2024-01-03T16:05:34","guid":{"rendered":"https:\/\/ambermuseum.eu\/?p=11397"},"modified":"2024-09-02T11:09:54","modified_gmt":"2024-09-02T09:09:54","slug":"relacja-z-wystawy-bursztyn-skarb-baltyku-w-muzeum-gliwic","status":"publish","type":"post","link":"https:\/\/ambermuseum.eu\/en\/relacja-z-wystawy-bursztyn-skarb-baltyku-w-muzeum-gliwic\/","title":{"rendered":"Report from the exhibition \u201cAmber. Treasure of the Baltic Sea\u201d in the Gliwice Museum"},"content":{"rendered":"<p>How did Baltic amber end up in Gliwice? What are amber fruits doing there, straight from the royal table, amber <em>Lady with an Ermine<\/em> and how did carnival characters from Venice appear there? Until January 7, 2024, Villa Caro presents a true and fantastic vision of amber in art, history and cultural history. So if anyone thought that amber was boring, see how wrong they were...<\/p>\n\n\n<div class=\"wp-block-image\">\n<figure class=\"alignleft size-large is-resized\"><img loading=\"lazy\" decoding=\"async\" width=\"400\" height=\"533\" src=\"https:\/\/ambermuseum.eu\/wp-content\/uploads\/20231229_144918-400x533.jpg\" alt=\"\" class=\"wp-image-11400\" style=\"width:336px;height:auto\" srcset=\"https:\/\/ambermuseum.eu\/wp-content\/uploads\/20231229_144918-400x533.jpg 400w, https:\/\/ambermuseum.eu\/wp-content\/uploads\/20231229_144918-768x1024.jpg 768w, https:\/\/ambermuseum.eu\/wp-content\/uploads\/20231229_144918-1152x1536.jpg 1152w, https:\/\/ambermuseum.eu\/wp-content\/uploads\/20231229_144918-1536x2048.jpg 1536w, https:\/\/ambermuseum.eu\/wp-content\/uploads\/20231229_144918-9x12.jpg 9w, https:\/\/ambermuseum.eu\/wp-content\/uploads\/20231229_144918.jpg 1900w\" sizes=\"auto, (max-width: 400px) 100vw, 400px\" \/><\/figure>\n<\/div>\n\n\n<p>It turns out that amber was long ago like a jewel in the crown of Silesia, whose artists willingly and with extraordinary skill used this raw material in their works. It was also long before a certain exhibition appeared at Villa Caro and decided to change everything.<\/p>\n\n\n\n<p>It would seem that the presence of amber in that region was covered with dust<br>in the pages of history, but nothing could be further from the truth, because amber fits here just as it does in Krakow, Jaros\u0142awiec or Gda\u0144sk. Why? Because it concerns each of us and the hidden love for the history of the vast lands and regions of Poland. And all this in the historic heart of Villa Caro, which belongs to the Gliwice Museum, was brought together by an exhibition curated by Mr. Robert Bartkowski - an art historian, museologist, curator in the Department of Art and Artistic Crafts of the Museum in Gliwice, and a man who is himself a living passion for history, art , culture and\u2026 to amber!<\/p>\n\n\n\n<p>This exhibition takes an extremely extensive approach to the context of Baltic amber<br>in history, but not only the historical one, but also the one belonging to specific people. Already at the very beginning, two symbols of the exhibition emerge - the myth of Phaeton based on Ovid&#039;s sketches, which showed the son&#039;s begging from his father (Helios) for permission to travel in his chariot drawn by pegasi, then his thunderous and tragic fall into the Eridan River, and finally his regrets Phaethon&#039;s mother and sisters over the loss of her son and brother. As the second symbol, we see right next to the incredible work of Mariusz Drapikowski - an artist known all over the world, among others. for the famous star of peace placed in the Grotto of the Nativity of Christ<br>in Bethlehem. At the Gliwice exhibition, we will see a work announcing a great historical feast - a fruit plate from the artist&#039;s private resources. It is a sight worth contemplating the artistry and talent of man, but also the vision and beauty of nature itself. <\/p>\n\n\n\n<figure class=\"wp-block-image size-large is-resized\"><img loading=\"lazy\" decoding=\"async\" width=\"711\" height=\"533\" src=\"https:\/\/ambermuseum.eu\/wp-content\/uploads\/20231229_144329-711x533.jpg\" alt=\"\" class=\"wp-image-11414\" style=\"width:575px;height:auto\" srcset=\"https:\/\/ambermuseum.eu\/wp-content\/uploads\/20231229_144329-711x533.jpg 711w, https:\/\/ambermuseum.eu\/wp-content\/uploads\/20231229_144329-768x576.jpg 768w, https:\/\/ambermuseum.eu\/wp-content\/uploads\/20231229_144329-1536x1152.jpg 1536w, https:\/\/ambermuseum.eu\/wp-content\/uploads\/20231229_144329-16x12.jpg 16w, https:\/\/ambermuseum.eu\/wp-content\/uploads\/20231229_144329.jpg 1900w\" sizes=\"auto, (max-width: 711px) 100vw, 711px\" \/><figcaption class=\"wp-element-caption\">From the right: <em>Phaeton in the Palace of the Sun; Zeus slaying Phaeton; Phaeton&#039;s tomb <\/em><br>In the display case: Bernard Salomon <em>LA VITA ET METAMORFOSEO D&#039;OVIDO <\/em><\/figcaption><\/figure>\n\n\n\n<p><\/p>\n\n\n\n<figure class=\"wp-block-image size-large is-resized\"><img loading=\"lazy\" decoding=\"async\" width=\"639\" height=\"533\" src=\"https:\/\/ambermuseum.eu\/wp-content\/uploads\/20231229_144323-639x533.jpg\" alt=\"\" class=\"wp-image-11401\" style=\"width:571px;height:auto\" srcset=\"https:\/\/ambermuseum.eu\/wp-content\/uploads\/20231229_144323-639x533.jpg 639w, https:\/\/ambermuseum.eu\/wp-content\/uploads\/20231229_144323-768x640.jpg 768w, https:\/\/ambermuseum.eu\/wp-content\/uploads\/20231229_144323-1536x1281.jpg 1536w, https:\/\/ambermuseum.eu\/wp-content\/uploads\/20231229_144323-14x12.jpg 14w, https:\/\/ambermuseum.eu\/wp-content\/uploads\/20231229_144323.jpg 1900w\" sizes=\"auto, (max-width: 639px) 100vw, 639px\" \/><figcaption class=\"wp-element-caption\">Mariusz Drapikowski, <em>Platter with amber and silver fruits<\/em><\/figcaption><\/figure>\n\n\n\n<p><\/p>\n\n\n\n<p>The above-mentioned historical issues have been presented in amber so many times, including in two extremely rarely seen specimens: the famous lame of Sigismund III Vasa (the item is most often associated with this ruler) and an amber suspension, which is the oldest sentimental gem, belonging to Anna Jagiellon, and given to her by her husband - Stefan Batory (with his own image). Thanks to Mr. Bartkowski&#039;s invaluable knowledge, you can learn something extraordinary about the lame bag or the king&#039;s medallion hidden in it. Who would have thought that the king himself made his own image in amber and placed it at the bottom of the cup? Or maybe it&#039;s just a rumor and Sigismund III Vasa is not the author of this small amber nuance? The truth probably lies<br>in the depths of historical secrets, and according to the knowledge of the exhibition curator, this item will soon return to the treasury of the Wawel Cathedral and after perhaps a short display it will disappear from public view. Therefore, this is a wonderful and at the same time the last opportunity to see a unique item that initiated the interesting practice of breaking the stems of goblets like this lame, which had a truly widespread impact in fashion. <\/p>\n\n\n\n<p><\/p>\n\n\n\n<figure class=\"wp-block-image size-large is-resized\"><img loading=\"lazy\" decoding=\"async\" width=\"648\" height=\"533\" src=\"https:\/\/ambermuseum.eu\/wp-content\/uploads\/20231229_144400-648x533.jpg\" alt=\"\" class=\"wp-image-11402\" style=\"width:598px;height:auto\" srcset=\"https:\/\/ambermuseum.eu\/wp-content\/uploads\/20231229_144400-648x533.jpg 648w, https:\/\/ambermuseum.eu\/wp-content\/uploads\/20231229_144400-768x632.jpg 768w, https:\/\/ambermuseum.eu\/wp-content\/uploads\/20231229_144400-1536x1264.jpg 1536w, https:\/\/ambermuseum.eu\/wp-content\/uploads\/20231229_144400-15x12.jpg 15w, https:\/\/ambermuseum.eu\/wp-content\/uploads\/20231229_144400.jpg 1900w\" sizes=\"auto, (max-width: 648px) 100vw, 648px\" \/><figcaption class=\"wp-element-caption\">From the left: Kulawka - a cup associated with Sigismund III Waza; <br>From the right: A sentimental jewel belonging to Anna Jagiellon <\/figcaption><\/figure>\n\n\n\n<p><\/p>\n\n\n\n<p>In addition to extraordinary historical artifacts, viewers have the opportunity to see souvenirs truly marked by historical events, including: once belonging to members of the Czartoryski family, and later transferred to other institutions in honor of both the objects and the events in which they took part. Here, for example, a platter with amber plates from the mid-17th century or a copy of the famous and somewhat mysterious necklace of Dorota Sybilla Hohenzollern, Duchess of Brzeg, by Marta W\u0142odarska. Next to it, the photos also show an extraordinary wooden and amber box belonging to the Jagiellonian University Museum (donated by Father Can. Micha\u0142 So\u0142tyk). <\/p>\n\n\n\n<figure class=\"wp-block-image size-large is-resized\"><img loading=\"lazy\" decoding=\"async\" width=\"800\" height=\"499\" src=\"https:\/\/ambermuseum.eu\/wp-content\/uploads\/20231229_144516-800x499.jpg\" alt=\"\" class=\"wp-image-11403\" style=\"width:610px;height:auto\" srcset=\"https:\/\/ambermuseum.eu\/wp-content\/uploads\/20231229_144516-800x499.jpg 800w, https:\/\/ambermuseum.eu\/wp-content\/uploads\/20231229_144516-768x479.jpg 768w, https:\/\/ambermuseum.eu\/wp-content\/uploads\/20231229_144516-1536x957.jpg 1536w, https:\/\/ambermuseum.eu\/wp-content\/uploads\/20231229_144516-18x12.jpg 18w, https:\/\/ambermuseum.eu\/wp-content\/uploads\/20231229_144516.jpg 1900w\" sizes=\"auto, (max-width: 800px) 100vw, 800px\" \/><figcaption class=\"wp-element-caption\">From the left: A box made of amber and wood; <br>From the right: A plate with amber plates from the Czartoryski family collection and a necklace by Marta W\u0142odarska - a replica of the necklace of Dorota Sybilla, Duchess of Brzeg. <\/figcaption><\/figure>\n\n\n\n<p><\/p>\n\n\n\n<figure class=\"wp-block-image size-large is-resized\"><img loading=\"lazy\" decoding=\"async\" width=\"544\" height=\"533\" src=\"https:\/\/ambermuseum.eu\/wp-content\/uploads\/20231229_144532-544x533.jpg\" alt=\"\" class=\"wp-image-11404\" style=\"width:383px;height:auto\" srcset=\"https:\/\/ambermuseum.eu\/wp-content\/uploads\/20231229_144532-544x533.jpg 544w, https:\/\/ambermuseum.eu\/wp-content\/uploads\/20231229_144532-768x752.jpg 768w, https:\/\/ambermuseum.eu\/wp-content\/uploads\/20231229_144532-1536x1504.jpg 1536w, https:\/\/ambermuseum.eu\/wp-content\/uploads\/20231229_144532-12x12.jpg 12w, https:\/\/ambermuseum.eu\/wp-content\/uploads\/20231229_144532.jpg 1900w\" sizes=\"auto, (max-width: 544px) 100vw, 544px\" \/><\/figure>\n\n\n\n<figure class=\"wp-block-image size-large is-resized\"><img loading=\"lazy\" decoding=\"async\" width=\"597\" height=\"533\" src=\"https:\/\/ambermuseum.eu\/wp-content\/uploads\/20231229_144528-597x533.jpg\" alt=\"\" class=\"wp-image-11413\" style=\"width:385px;height:auto\" srcset=\"https:\/\/ambermuseum.eu\/wp-content\/uploads\/20231229_144528-597x533.jpg 597w, https:\/\/ambermuseum.eu\/wp-content\/uploads\/20231229_144528-768x686.jpg 768w, https:\/\/ambermuseum.eu\/wp-content\/uploads\/20231229_144528-1536x1371.jpg 1536w, https:\/\/ambermuseum.eu\/wp-content\/uploads\/20231229_144528-13x12.jpg 13w, https:\/\/ambermuseum.eu\/wp-content\/uploads\/20231229_144528.jpg 1900w\" sizes=\"auto, (max-width: 597px) 100vw, 597px\" \/><\/figure>\n\n\n\n<p><\/p>\n\n\n\n<p>Another item that cannot be overlooked in terms of symbolic importance is a knife from the hunting cutlery collection of Klara Isabella Eugenia Habsburg. This is an interesting specimen because it is a never-before-seen combination of ivory and amber at the handle.  <\/p>\n\n\n\n<figure class=\"wp-block-image size-large is-resized\"><img loading=\"lazy\" decoding=\"async\" width=\"800\" height=\"290\" src=\"https:\/\/ambermuseum.eu\/wp-content\/uploads\/20231229_144500-800x290.jpg\" alt=\"\" class=\"wp-image-11415\" style=\"width:654px;height:auto\" srcset=\"https:\/\/ambermuseum.eu\/wp-content\/uploads\/20231229_144500-800x290.jpg 800w, https:\/\/ambermuseum.eu\/wp-content\/uploads\/20231229_144500-768x279.jpg 768w, https:\/\/ambermuseum.eu\/wp-content\/uploads\/20231229_144500-1536x557.jpg 1536w, https:\/\/ambermuseum.eu\/wp-content\/uploads\/20231229_144500-18x7.jpg 18w, https:\/\/ambermuseum.eu\/wp-content\/uploads\/20231229_144500.jpg 1900w\" sizes=\"auto, (max-width: 800px) 100vw, 800px\" \/><\/figure>\n\n\n\n<p><\/p>\n\n\n\n<p><\/p>\n\n\n\n<p>The exhibition is extremely enriched by the colorfulness of two carnival figures decorated with Venetian masks and costumes (women&#039;s and men&#039;s) by Jola S\u0142oma and Mirek Trymbulak and Sergio and Massimo Boldrin&#039;s &quot;La Botega dei Mascareri&quot;. The masks were specially studded with Baltic amber! <\/p>\n\n\n\n<figure class=\"wp-block-image size-large is-resized\"><img loading=\"lazy\" decoding=\"async\" width=\"726\" height=\"533\" src=\"https:\/\/ambermuseum.eu\/wp-content\/uploads\/20231229_144436-726x533.jpg\" alt=\"\" class=\"wp-image-11405\" style=\"width:583px;height:auto\" srcset=\"https:\/\/ambermuseum.eu\/wp-content\/uploads\/20231229_144436-726x533.jpg 726w, https:\/\/ambermuseum.eu\/wp-content\/uploads\/20231229_144436-768x563.jpg 768w, https:\/\/ambermuseum.eu\/wp-content\/uploads\/20231229_144436-1536x1127.jpg 1536w, https:\/\/ambermuseum.eu\/wp-content\/uploads\/20231229_144436-16x12.jpg 16w, https:\/\/ambermuseum.eu\/wp-content\/uploads\/20231229_144436.jpg 1900w\" sizes=\"auto, (max-width: 726px) 100vw, 726px\" \/><\/figure>\n\n\n\n<figure class=\"wp-block-image size-large is-resized\"><img loading=\"lazy\" decoding=\"async\" width=\"711\" height=\"533\" src=\"https:\/\/ambermuseum.eu\/wp-content\/uploads\/20231229_144602-711x533.jpg\" alt=\"\" class=\"wp-image-11406\" style=\"width:584px;height:auto\" srcset=\"https:\/\/ambermuseum.eu\/wp-content\/uploads\/20231229_144602-711x533.jpg 711w, https:\/\/ambermuseum.eu\/wp-content\/uploads\/20231229_144602-768x576.jpg 768w, https:\/\/ambermuseum.eu\/wp-content\/uploads\/20231229_144602-1536x1152.jpg 1536w, https:\/\/ambermuseum.eu\/wp-content\/uploads\/20231229_144602-16x12.jpg 16w, https:\/\/ambermuseum.eu\/wp-content\/uploads\/20231229_144602.jpg 1900w\" sizes=\"auto, (max-width: 711px) 100vw, 711px\" \/><\/figure>\n\n\n\n<p><\/p>\n\n\n\n<p>We will also see various insects enlarged there, but interestingly - in this part of the naturalia we will learn about the amberoscope by Zbigniew W\u0142odarski. It&#039;s fun for everyone, and therefore good - learning and an idea on how to enchant people with the magic of amber. The natural habitat room also offers close encounters with... a lizard, a buffalo horn, or even a whale vertebrae! <\/p>\n\n\n\n<figure class=\"wp-block-image size-large is-resized\"><img loading=\"lazy\" decoding=\"async\" width=\"711\" height=\"533\" src=\"https:\/\/ambermuseum.eu\/wp-content\/uploads\/20231229_144614-711x533.jpg\" alt=\"\" class=\"wp-image-11407\" style=\"width:508px;height:auto\" srcset=\"https:\/\/ambermuseum.eu\/wp-content\/uploads\/20231229_144614-711x533.jpg 711w, https:\/\/ambermuseum.eu\/wp-content\/uploads\/20231229_144614-768x576.jpg 768w, https:\/\/ambermuseum.eu\/wp-content\/uploads\/20231229_144614-1536x1152.jpg 1536w, https:\/\/ambermuseum.eu\/wp-content\/uploads\/20231229_144614-16x12.jpg 16w, https:\/\/ambermuseum.eu\/wp-content\/uploads\/20231229_144614.jpg 1900w\" sizes=\"auto, (max-width: 711px) 100vw, 711px\" \/><\/figure>\n\n\n\n<p><\/p>\n\n\n\n<p>Books are also an important element of the exhibition at its various stages. Small and large books, some obtained from far away and others are native, but each mentions amber. For example, we have <em>Historia Naturalis <\/em>or 19th-century texts about healing stones, which feature amber almost on the first page. <\/p>\n\n\n\n<figure class=\"wp-block-image size-large is-resized\"><img loading=\"lazy\" decoding=\"async\" width=\"400\" height=\"533\" src=\"https:\/\/ambermuseum.eu\/wp-content\/uploads\/20231229_134030-400x533.jpg\" alt=\"\" class=\"wp-image-11416\" style=\"width:373px;height:auto\" srcset=\"https:\/\/ambermuseum.eu\/wp-content\/uploads\/20231229_134030-400x533.jpg 400w, https:\/\/ambermuseum.eu\/wp-content\/uploads\/20231229_134030-768x1024.jpg 768w, https:\/\/ambermuseum.eu\/wp-content\/uploads\/20231229_134030-1152x1536.jpg 1152w, https:\/\/ambermuseum.eu\/wp-content\/uploads\/20231229_134030-1536x2048.jpg 1536w, https:\/\/ambermuseum.eu\/wp-content\/uploads\/20231229_134030-9x12.jpg 9w, https:\/\/ambermuseum.eu\/wp-content\/uploads\/20231229_134030.jpg 1900w\" sizes=\"auto, (max-width: 400px) 100vw, 400px\" \/><figcaption class=\"wp-element-caption\">The book with the first sketch of the amber lump presented (top) and <em>Historia Naturalis Curiosa <\/em>from the 18th century by the Polish Jesuit - Gabriel Rz\u0105zy\u0144ski <\/figcaption><\/figure>\n\n\n\n<p>When talking about amber, even in the context of this exhibition, it is impossible to ignore jewelry. After all, amber is a real decoration! Therefore, we will find here jewelry of great importance for the jewelry and amber world. These are real works of art, both ancient and very modern. The artists whose jewelry we can admire at the exhibition include: Paulina Binek, Dorota Cenecka, Jaros\u0142aw Westermark, Jacek Baron, Danuta Czapnik, Danuta Kobielska, Giedymin Jab\u0142o\u0144ski, Wanda and Bogdan Frydrychowicz, Andrzej Boss, Maciej Rozenberg, Arkadiusz Wolski and many other wonderful artists whose jewelry is not only a body decoration. Many times, the viewer can see that it is, above all, a work of art, a demonstration of a true vision and, at the same time, its carrier. Fashion for jewelry, fashion for precious metals, and finally fashion for amber - this is also applied art.<\/p>\n\n\n\n<figure class=\"wp-block-image size-large is-resized\"><img loading=\"lazy\" decoding=\"async\" width=\"800\" height=\"513\" src=\"https:\/\/ambermuseum.eu\/wp-content\/uploads\/20231229_144840-800x513.jpg\" alt=\"\" class=\"wp-image-11408\" style=\"width:561px;height:auto\" srcset=\"https:\/\/ambermuseum.eu\/wp-content\/uploads\/20231229_144840-800x513.jpg 800w, https:\/\/ambermuseum.eu\/wp-content\/uploads\/20231229_144840-768x493.jpg 768w, https:\/\/ambermuseum.eu\/wp-content\/uploads\/20231229_144840-1536x985.jpg 1536w, https:\/\/ambermuseum.eu\/wp-content\/uploads\/20231229_144840-18x12.jpg 18w, https:\/\/ambermuseum.eu\/wp-content\/uploads\/20231229_144840.jpg 1900w\" sizes=\"auto, (max-width: 800px) 100vw, 800px\" \/><\/figure>\n\n\n\n<figure class=\"wp-block-image size-large is-resized\"><img loading=\"lazy\" decoding=\"async\" width=\"739\" height=\"533\" src=\"https:\/\/ambermuseum.eu\/wp-content\/uploads\/20231229_144812-739x533.jpg\" alt=\"\" class=\"wp-image-11409\" style=\"width:566px;height:auto\" srcset=\"https:\/\/ambermuseum.eu\/wp-content\/uploads\/20231229_144812-739x533.jpg 739w, https:\/\/ambermuseum.eu\/wp-content\/uploads\/20231229_144812-768x554.jpg 768w, https:\/\/ambermuseum.eu\/wp-content\/uploads\/20231229_144812-1536x1108.jpg 1536w, https:\/\/ambermuseum.eu\/wp-content\/uploads\/20231229_144812-18x12.jpg 18w, https:\/\/ambermuseum.eu\/wp-content\/uploads\/20231229_144812.jpg 1900w\" sizes=\"auto, (max-width: 739px) 100vw, 739px\" \/><\/figure>\n\n\n\n<p><\/p>\n\n\n\n<p>And what if next to this one - we will also find sugar bowls, napkin holders, spoons... Finally, also sculptures. Between them - <em>Lady with an Ermine<\/em> designed by Bogumi\u0142a and Marian Kellar, and made by Przemys\u0142aw Ku\u015b, <em>Horse <\/em>Krzysztof Jacek Sumeradzki, sculpture of the Amber Nightingale by Bogdan Mirowski, <em>Elation <\/em>Mariusz Drapikowski or introducing unusual states of interpretation of myth - <em>Myth I <\/em>and <em>Myth II <\/em>Paulina Binek. <\/p>\n\n\n\n<figure class=\"wp-block-image size-large is-resized\"><img loading=\"lazy\" decoding=\"async\" width=\"711\" height=\"533\" src=\"https:\/\/ambermuseum.eu\/wp-content\/uploads\/20231229_144844-711x533.jpg\" alt=\"\" class=\"wp-image-11411\" style=\"width:590px;height:auto\" srcset=\"https:\/\/ambermuseum.eu\/wp-content\/uploads\/20231229_144844-711x533.jpg 711w, https:\/\/ambermuseum.eu\/wp-content\/uploads\/20231229_144844-768x576.jpg 768w, https:\/\/ambermuseum.eu\/wp-content\/uploads\/20231229_144844-1536x1152.jpg 1536w, https:\/\/ambermuseum.eu\/wp-content\/uploads\/20231229_144844-16x12.jpg 16w, https:\/\/ambermuseum.eu\/wp-content\/uploads\/20231229_144844.jpg 1900w\" sizes=\"auto, (max-width: 711px) 100vw, 711px\" \/><figcaption class=\"wp-element-caption\">Przemys\u0142aw Ku\u015b (commissioned by Bogumi\u0142a and Marian Kellar) - amber version <em>Ladies with ermine <\/em><\/figcaption><\/figure>\n\n\n\n<figure class=\"wp-block-image size-large is-resized\"><img loading=\"lazy\" decoding=\"async\" width=\"414\" height=\"533\" src=\"https:\/\/ambermuseum.eu\/wp-content\/uploads\/20231229_144820-414x533.jpg\" alt=\"\" class=\"wp-image-11412\" style=\"width:505px;height:auto\" srcset=\"https:\/\/ambermuseum.eu\/wp-content\/uploads\/20231229_144820-414x533.jpg 414w, https:\/\/ambermuseum.eu\/wp-content\/uploads\/20231229_144820-768x989.jpg 768w, https:\/\/ambermuseum.eu\/wp-content\/uploads\/20231229_144820-1193x1536.jpg 1193w, https:\/\/ambermuseum.eu\/wp-content\/uploads\/20231229_144820-1591x2048.jpg 1591w, https:\/\/ambermuseum.eu\/wp-content\/uploads\/20231229_144820-9x12.jpg 9w, https:\/\/ambermuseum.eu\/wp-content\/uploads\/20231229_144820.jpg 1900w\" sizes=\"auto, (max-width: 414px) 100vw, 414px\" \/><figcaption class=\"wp-element-caption\">From the left: Mariusz Drapikowski - <em>Elation; <\/em>Bogdan Mirowski - Amber Nightingale statuette; Krzysztof Jacek Sumeradzki - sculpture <em>Horse<\/em><\/figcaption><\/figure>\n\n\n\n<p><\/p>\n\n\n\n<figure class=\"wp-block-image size-large is-resized\"><img loading=\"lazy\" decoding=\"async\" width=\"616\" height=\"533\" src=\"https:\/\/ambermuseum.eu\/wp-content\/uploads\/20231229_144852-616x533.jpg\" alt=\"\" class=\"wp-image-11410\" style=\"width:518px;height:auto\" srcset=\"https:\/\/ambermuseum.eu\/wp-content\/uploads\/20231229_144852-616x533.jpg 616w, https:\/\/ambermuseum.eu\/wp-content\/uploads\/20231229_144852-768x665.jpg 768w, https:\/\/ambermuseum.eu\/wp-content\/uploads\/20231229_144852-1536x1330.jpg 1536w, https:\/\/ambermuseum.eu\/wp-content\/uploads\/20231229_144852-14x12.jpg 14w, https:\/\/ambermuseum.eu\/wp-content\/uploads\/20231229_144852.jpg 1900w\" sizes=\"auto, (max-width: 616px) 100vw, 616px\" \/><figcaption class=\"wp-element-caption\">On the wall - Paulina Binek - <em>Myth I <\/em>and <em>Myth II<\/em><\/figcaption><\/figure>\n\n\n\n<p>It is worth remembering that some of these specimens, such as the mentioned lame, do not often appear to visitors, which motivates them to visit the Gliwice Museum and take a closer look at its treasures. As the curator recalls, it was not easy to bring individual monuments to Villa Caro due to their form or symbolic value for culture, but after many efforts it was possible. As a result, we managed to show the unique face of amber and its diversity, which is often emphasized when describing it.<\/p>\n\n\n\n<p>As the curator of the exhibition himself, Robert Bartkowski, says:<\/p>\n\n\n\n<p><em>Of course, there will be works from one of the largest museum collections of artistic jewelry in Poland, managed by the Museum in Gliwice, accompanied by modern works by today&#039;s amber and goldsmiths from other outstanding collections. Full variety! The fact that in one exhibition we can see royal treasures, natural inclusions and the statuette of the Amber Nightingale belonging to Stanis\u0142aw Soyka should not surprise anyone - amber is more embedded in our culture than we think. This is also what this exhibition is about<\/em>.<\/p>\n\n\n\n<p>A visit to Villa Caro itself, but also seeing this exhibition, helps you see amber<br>in a different context - not scientific, not jewelry, although both threads appear, of course. You gain a specific feeling of understanding amber through the prism of how it has been valued for centuries in various forms. Little by little, more and more boldly, and finally completely, it ceases to be understood only in the context of belonging to the sea, to Gda\u0144sk, to seaside merchants and fishermen. Amber is simply ours - from Pomerania to Silesia.<\/p>\n\n\n\n<p>Exhibition \u201cAmber. &quot;Treasure of the Baltic Sea&quot; gives the opportunity to take a broader look at our Polish &quot;gold&quot; and wonder - is it still just a stone from which grandmothers made beads? Because after such a feast for the eyes and absorbing knowledge, can you still think of amber as just a stone?<\/p>\n\n\n\n<p>After all, these are chalices, caskets, brooches, platters, medallions, masks, altars, figures... After all, these are raptures and delights, warmth, the sound of the sea, history and cultural history... These are all our treasure that nature has given us. And this treasure no longer belongs only to the sea. Each visitor takes something with them in their thoughts and thus spreads amber further, just as rivers spread it along amber trails thousands of years earlier. <\/p>\n\n\n\n<figure class=\"wp-block-image size-large is-resized\"><img loading=\"lazy\" decoding=\"async\" width=\"779\" height=\"533\" src=\"https:\/\/ambermuseum.eu\/wp-content\/uploads\/20231229_144554-1-779x533.jpg\" alt=\"\" class=\"wp-image-11420\" style=\"width:564px;height:auto\" srcset=\"https:\/\/ambermuseum.eu\/wp-content\/uploads\/20231229_144554-1-779x533.jpg 779w, https:\/\/ambermuseum.eu\/wp-content\/uploads\/20231229_144554-1-768x525.jpg 768w, https:\/\/ambermuseum.eu\/wp-content\/uploads\/20231229_144554-1-1536x1051.jpg 1536w, https:\/\/ambermuseum.eu\/wp-content\/uploads\/20231229_144554-1-18x12.jpg 18w, https:\/\/ambermuseum.eu\/wp-content\/uploads\/20231229_144554-1.jpg 1900w\" sizes=\"auto, (max-width: 779px) 100vw, 779px\" \/><figcaption class=\"wp-element-caption\">Picture - <em>On the amber trail<\/em> Thomas Steifer; <br>Face urn (Archaeological Museum in Gda\u0144sk); <br>Amber necklace from the Neolithic era (copy, Archaeological Museum in Gda\u0144sk); <br>Pendant <em>Solar amulet<\/em>  Giedymin Jab\u0142o\u0144ski (Amber Museum - Branch of the Gda\u0144sk Museum); <br>Amber beads from the Iron Age (Museum in Gliwice)<\/figcaption><\/figure>\n\n\n\n<p>Link to information about the exhibition (Museum of Gliwice): <\/p>\n\n\n\n<p><a href=\"http:\/\/muzeum.gliwice.pl\/pl\/wydarzenia\/bursztyn-skarb-baltyku-nowa-wystawa-muzeum-w-gliwicach\"><u>http:\/\/muzeum.gliwice.pl\/pl\/wydarzenia\/bursztyn-skarb-baltyku-nowa-wystawa-muzeum-w-gliwicach<\/u><\/a><\/p>\n\n\n\n<p>(access: December 30, 2023)<\/p>\n\n\n\n<p>(Own photos taken with the consent of the exhibition curator)<\/p>\n\n\n\n<p>Anna Cie\u0107ko <\/p>\n\n\n\n<p><\/p>","protected":false},"excerpt":{"rendered":"<p>Jak bursztyn ba\u0142tycki znalaz\u0142 si\u0119 w Gliwicach? Co robi\u0105 tam bursztynowe owoce prosto z kr\u00f3lewskiego sto\u0142u, bursztynowa Dama z gronostajem i jakim sposobem pojawi\u0142y si\u0119 tam karnawa\u0142owe postaci rodem z Wenecji? Willa Caro jeszcze do 7 stycznia 2024 r. prezentuje tak samo prawdziw\u0105 jak i fantastyczn\u0105 wizj\u0119 bursztynu w sztuce, historii, dziejach kultury. Je\u015bli kto\u015b [&hellip;]<\/p>\n","protected":false},"author":2,"featured_media":11399,"comment_status":"closed","ping_status":"closed","sticky":false,"template":"","format":"standard","meta":{"_acf_changed":false,"_seopress_robots_primary_cat":"","_seopress_titles_title":"","_seopress_titles_desc":"","_seopress_robots_index":"","footnotes":""},"categories":[2],"tags":[],"class_list":{"0":"post-11397","1":"post","2":"type-post","3":"status-publish","4":"format-standard","5":"has-post-thumbnail","7":"category-wystawy"},"acf":[],"_links":{"self":[{"href":"https:\/\/ambermuseum.eu\/en\/wp-json\/wp\/v2\/posts\/11397","targetHints":{"allow":["GET"]}}],"collection":[{"href":"https:\/\/ambermuseum.eu\/en\/wp-json\/wp\/v2\/posts"}],"about":[{"href":"https:\/\/ambermuseum.eu\/en\/wp-json\/wp\/v2\/types\/post"}],"author":[{"embeddable":true,"href":"https:\/\/ambermuseum.eu\/en\/wp-json\/wp\/v2\/users\/2"}],"replies":[{"embeddable":true,"href":"https:\/\/ambermuseum.eu\/en\/wp-json\/wp\/v2\/comments?post=11397"}],"version-history":[{"count":4,"href":"https:\/\/ambermuseum.eu\/en\/wp-json\/wp\/v2\/posts\/11397\/revisions"}],"predecessor-version":[{"id":11437,"href":"https:\/\/ambermuseum.eu\/en\/wp-json\/wp\/v2\/posts\/11397\/revisions\/11437"}],"wp:featuredmedia":[{"embeddable":true,"href":"https:\/\/ambermuseum.eu\/en\/wp-json\/wp\/v2\/media\/11399"}],"wp:attachment":[{"href":"https:\/\/ambermuseum.eu\/en\/wp-json\/wp\/v2\/media?parent=11397"}],"wp:term":[{"taxonomy":"category","embeddable":true,"href":"https:\/\/ambermuseum.eu\/en\/wp-json\/wp\/v2\/categories?post=11397"},{"taxonomy":"post_tag","embeddable":true,"href":"https:\/\/ambermuseum.eu\/en\/wp-json\/wp\/v2\/tags?post=11397"}],"curies":[{"name":"wp","href":"https:\/\/api.w.org\/{rel}","templated":true}]}}