{"id":114,"date":"2016-11-14T19:00:18","date_gmt":"2016-11-14T18:00:18","guid":{"rendered":"http:\/\/localhost\/ambermuseum\/?p=114"},"modified":"2019-12-18T16:40:44","modified_gmt":"2019-12-18T15:40:44","slug":"glowa-chrystusa-ukrzyzowanego-wyrzezbiona-w-bursztynie","status":"publish","type":"post","link":"https:\/\/ambermuseum.eu\/en\/glowa-chrystusa-ukrzyzowanego-wyrzezbiona-w-bursztynie\/","title":{"rendered":"Head of the Crucified Christ carved in amber"},"content":{"rendered":"<p><strong>A real work of art, characterized by timeless beauty and character.<\/strong><\/p>\n\n\n\n<p>The beauty and warmth of amber has been appreciated for centuries. Its unique forms and warm color inspire to create not only jewelry, but also incredible sculptures, framed in golden frames like the one referred to in this article.&nbsp;<br><\/p>\n\n\n\n<p>The amber version of &quot;Crucified Christ&quot; was made by a family company with a 13-year tradition at the request of Marian Kellar. The company Art Amber Ku\u015b, which is owned by Przemys\u0142aw Ku\u015b with his father Wies\u0142aw - carving takes much longer. They attach great importance to details and quality.&nbsp;<\/p>\n\n\n\n<p>When did their adventure with carving in amber start? Is this a difficult job? Is every piece of amber suitable for creating these amazing works of art? How much material do they lose during carving?&nbsp;<\/p>\n\n\n\n<p>The answers to these and other questions can be found in\u00a0<a href=\"https:\/\/www.amber.com.pl\/aktualnosci\/89-wywiady\/2911-sztuka-rzezbienia-w-bursztynie-rozmowa-z-wieslawem-i-przemyslawem-kus\" target=\"_blank\" rel=\"noreferrer noopener\" aria-label=\"Anna Sado&#039;s interview (opens in a new tab)\">interview by Anna Sado<\/a> for the amber.com.pl portal<\/p>","protected":false},"excerpt":{"rendered":"<p>Istne dzie\u0142o sztuki, charakteryzuj\u0105ce si\u0119 ponadczasowym pi\u0119knem i charakterem. Pi\u0119kno i ciep\u0142o bursztynu doceniane jest od wiek wiek\u00f3w. Jego wyj\u0105tkowe formy i ciep\u0142a barwa stanowi\u0105 inspiracj\u0119 do tworzenia nie tylko bi\u017cuterii, ale r\u00f3wnie\u017c niebywa\u0142ych rze\u017ab, oprawionych w z\u0142ote ramy jak ten o kt\u00f3rym mowa w niniejszym artykule.&nbsp; Bursztynowa wersja \"Chrystusa Ukrzy\u017cowanego\" zosta\u0142a wykonana przez rodzinn\u0105 [&hellip;]<\/p>\n","protected":false},"author":2,"featured_media":115,"comment_status":"open","ping_status":"open","sticky":false,"template":"","format":"standard","meta":{"_acf_changed":false,"_seopress_robots_primary_cat":"","_seopress_titles_title":"","_seopress_titles_desc":"","_seopress_robots_index":"","footnotes":""},"categories":[3],"tags":[],"class_list":{"0":"post-114","1":"post","2":"type-post","3":"status-publish","4":"format-standard","5":"has-post-thumbnail","7":"category-eksponaty"},"acf":[],"_links":{"self":[{"href":"https:\/\/ambermuseum.eu\/en\/wp-json\/wp\/v2\/posts\/114","targetHints":{"allow":["GET"]}}],"collection":[{"href":"https:\/\/ambermuseum.eu\/en\/wp-json\/wp\/v2\/posts"}],"about":[{"href":"https:\/\/ambermuseum.eu\/en\/wp-json\/wp\/v2\/types\/post"}],"author":[{"embeddable":true,"href":"https:\/\/ambermuseum.eu\/en\/wp-json\/wp\/v2\/users\/2"}],"replies":[{"embeddable":true,"href":"https:\/\/ambermuseum.eu\/en\/wp-json\/wp\/v2\/comments?post=114"}],"version-history":[{"count":0,"href":"https:\/\/ambermuseum.eu\/en\/wp-json\/wp\/v2\/posts\/114\/revisions"}],"wp:featuredmedia":[{"embeddable":true,"href":"https:\/\/ambermuseum.eu\/en\/wp-json\/wp\/v2\/media\/115"}],"wp:attachment":[{"href":"https:\/\/ambermuseum.eu\/en\/wp-json\/wp\/v2\/media?parent=114"}],"wp:term":[{"taxonomy":"category","embeddable":true,"href":"https:\/\/ambermuseum.eu\/en\/wp-json\/wp\/v2\/categories?post=114"},{"taxonomy":"post_tag","embeddable":true,"href":"https:\/\/ambermuseum.eu\/en\/wp-json\/wp\/v2\/tags?post=114"}],"curies":[{"name":"wp","href":"https:\/\/api.w.org\/{rel}","templated":true}]}}