{"id":135,"date":"2016-09-15T12:09:58","date_gmt":"2016-09-15T10:09:58","guid":{"rendered":"http:\/\/localhost\/ambermuseum\/?p=135"},"modified":"2019-12-18T16:40:44","modified_gmt":"2019-12-18T15:40:44","slug":"bursztynowa-wersja-damy-z-lasiczka-leonarda-da-vinci","status":"publish","type":"post","link":"https:\/\/ambermuseum.eu\/en\/bursztynowa-wersja-damy-z-lasiczka-leonarda-da-vinci\/","title":{"rendered":"The amber version of Leonardo da Vinci&#039;s &quot;Lady with a Weasel&quot;"},"content":{"rendered":"<p><strong>It is a real and unique work of art, distinguished by its lasting beauty and timeless character.<\/strong><\/p>\n\n\n\n<p>Currently, the painting of the Lady with a Weasel can be admired not only in Wawel, where it is exhibited during the renovation of its home Czartoryski Museum in Krakow, but also in the Krakow Amber Museum.<\/p>\n\n\n\n<p>The beauty of amber has been appreciated for many centuries. It is a &quot;stone&quot; remembering the earliest history. Its warm color and unique shapes inspire to create not only jewelry or utility items, but also amazing sculptures framed like the one mentioned in this article. Amber sculptures depict the stories of the paintings of famous painters and the works of outstanding sculptors.<\/p>\n\n\n\n<p>The amber version of Lady with a Weasel was commissioned by Marian Kellar. The author and designer is the company Art Amber Ku\u015b, which is owned by Przemys\u0142aw Ku\u015b with his father Wies\u0142aw. Their company has been in existence for 13 years, although they have been doing carving for much longer. Earlier it was wood, even potatoes and soap.<\/p>\n\n\n\n<p>When did their adventure with carving in amber start? How much material is lost during carving? Is every piece suitable for creating these amazing stories? ... The answers to these and many other questions can be found in\u00a0<a rel=\"noreferrer noopener\" aria-label=\"Anna Sado&#039;s interview (opens in a new tab)\" href=\"https:\/\/www.amber.com.pl\/aktualnosci\/89-wywiady\/2911-sztuka-rzezbienia-w-bursztynie-rozmowa-z-wieslawem-i-przemyslawem-kus\" target=\"_blank\">interview by Anna Sado<\/a> for the amber.com.pl portal.<\/p>","protected":false},"excerpt":{"rendered":"<p>To prawdziwe i wyj\u0105tkowe dzie\u0142o sztuki, wyr\u00f3\u017cniaj\u0105ce si\u0119 nieprzemijalnym pi\u0119knem i ponadczasowym charakterem. Aktualnie obraz Damy z \u0142asiczk\u0105 mo\u017cemy podziwia\u0107 nie tylko na Wawelu, gdzie wystawiany jest na czas remontu swojego macierzystego Muzeum Czartoryskich w Krakowie ale r\u00f3wnie\u017c w krakowskim Muzeum Bursztynu. Pi\u0119kno bursztynu jest doceniane od wielu wiek\u00f3w. Jest to \u201ekamie\u0144\u201c pami\u0119taj\u0105cy najdawniejsze dzieje. [&hellip;]<\/p>\n","protected":false},"author":2,"featured_media":139,"comment_status":"open","ping_status":"open","sticky":false,"template":"","format":"standard","meta":{"_acf_changed":false,"_seopress_robots_primary_cat":"","_seopress_titles_title":"","_seopress_titles_desc":"","_seopress_robots_index":"","footnotes":""},"categories":[3],"tags":[],"class_list":{"0":"post-135","1":"post","2":"type-post","3":"status-publish","4":"format-standard","5":"has-post-thumbnail","7":"category-eksponaty"},"acf":[],"_links":{"self":[{"href":"https:\/\/ambermuseum.eu\/en\/wp-json\/wp\/v2\/posts\/135","targetHints":{"allow":["GET"]}}],"collection":[{"href":"https:\/\/ambermuseum.eu\/en\/wp-json\/wp\/v2\/posts"}],"about":[{"href":"https:\/\/ambermuseum.eu\/en\/wp-json\/wp\/v2\/types\/post"}],"author":[{"embeddable":true,"href":"https:\/\/ambermuseum.eu\/en\/wp-json\/wp\/v2\/users\/2"}],"replies":[{"embeddable":true,"href":"https:\/\/ambermuseum.eu\/en\/wp-json\/wp\/v2\/comments?post=135"}],"version-history":[{"count":0,"href":"https:\/\/ambermuseum.eu\/en\/wp-json\/wp\/v2\/posts\/135\/revisions"}],"wp:featuredmedia":[{"embeddable":true,"href":"https:\/\/ambermuseum.eu\/en\/wp-json\/wp\/v2\/media\/139"}],"wp:attachment":[{"href":"https:\/\/ambermuseum.eu\/en\/wp-json\/wp\/v2\/media?parent=135"}],"wp:term":[{"taxonomy":"category","embeddable":true,"href":"https:\/\/ambermuseum.eu\/en\/wp-json\/wp\/v2\/categories?post=135"},{"taxonomy":"post_tag","embeddable":true,"href":"https:\/\/ambermuseum.eu\/en\/wp-json\/wp\/v2\/tags?post=135"}],"curies":[{"name":"wp","href":"https:\/\/api.w.org\/{rel}","templated":true}]}}