{"id":193,"date":"2013-09-23T14:06:45","date_gmt":"2013-09-23T12:06:45","guid":{"rendered":"http:\/\/localhost\/ambermuseum\/?p=193"},"modified":"2019-12-18T16:41:05","modified_gmt":"2019-12-18T15:41:05","slug":"pokazy-bursztynowej-mody","status":"publish","type":"post","link":"https:\/\/ambermuseum.eu\/en\/pokazy-bursztynowej-mody\/","title":{"rendered":"Official opening of the Amber Museum"},"content":{"rendered":"<p>Friday, September 13 enrolled in amber sounds in the history of Krakow. Distinguished guests - amber lovers - came from all over Poland to the opening ceremony of the Amber Museum to celebrate this unusual event together.<\/p>\n\n\n\n<p>The opening of the Amber Museum was graced by a show of three unique fashion collections combined with the amber jewelry of the following designer duets: Danuta Burczik-Kruczkowska &amp; Joanna Weyna and Danka Czapnik &amp; Irina Panicheva, as well as Deni Cler &amp; Galeria Boruni.<\/p>","protected":false},"excerpt":{"rendered":"<p>Pi\u0105tek 13 wrze\u015bnia zapisa\u0142 si\u0119 bursztynowymi zg\u0142oskami w historii Krakowa. Na uroczysto\u015b\u0107&nbsp; otwarcia Muzeum Bursztynu zjechali z ca\u0142ej Polski znamienici go\u015bcie \u2013 mi\u0142o\u015bnicy bursztynu, by wsp\u00f3lnie \u015bwi\u0119towa\u0107 to niecodzienne wydarzenie. Otwarcie Muzeum Bursztynu u\u015bwietni\u0142 pokaz trzech wyj\u0105tkowych kolekcji mody w po\u0142\u0105czeniu z bursztynow\u0105 bi\u017cuteri\u0105 nast\u0119puj\u0105cych duet\u00f3w projektant\u00f3w: Danuta Burczik-Kruczkowska &amp; Joanna Weyna oraz Danka Czapnik [&hellip;]<\/p>\n","protected":false},"author":2,"featured_media":187,"comment_status":"open","ping_status":"open","sticky":false,"template":"","format":"standard","meta":{"_acf_changed":false,"_seopress_robots_primary_cat":"","_seopress_titles_title":"","_seopress_titles_desc":"","_seopress_robots_index":"","footnotes":""},"categories":[4],"tags":[],"class_list":{"0":"post-193","1":"post","2":"type-post","3":"status-publish","4":"format-standard","5":"has-post-thumbnail","7":"category-informacje"},"acf":[],"_links":{"self":[{"href":"https:\/\/ambermuseum.eu\/en\/wp-json\/wp\/v2\/posts\/193","targetHints":{"allow":["GET"]}}],"collection":[{"href":"https:\/\/ambermuseum.eu\/en\/wp-json\/wp\/v2\/posts"}],"about":[{"href":"https:\/\/ambermuseum.eu\/en\/wp-json\/wp\/v2\/types\/post"}],"author":[{"embeddable":true,"href":"https:\/\/ambermuseum.eu\/en\/wp-json\/wp\/v2\/users\/2"}],"replies":[{"embeddable":true,"href":"https:\/\/ambermuseum.eu\/en\/wp-json\/wp\/v2\/comments?post=193"}],"version-history":[{"count":0,"href":"https:\/\/ambermuseum.eu\/en\/wp-json\/wp\/v2\/posts\/193\/revisions"}],"wp:featuredmedia":[{"embeddable":true,"href":"https:\/\/ambermuseum.eu\/en\/wp-json\/wp\/v2\/media\/187"}],"wp:attachment":[{"href":"https:\/\/ambermuseum.eu\/en\/wp-json\/wp\/v2\/media?parent=193"}],"wp:term":[{"taxonomy":"category","embeddable":true,"href":"https:\/\/ambermuseum.eu\/en\/wp-json\/wp\/v2\/categories?post=193"},{"taxonomy":"post_tag","embeddable":true,"href":"https:\/\/ambermuseum.eu\/en\/wp-json\/wp\/v2\/tags?post=193"}],"curies":[{"name":"wp","href":"https:\/\/api.w.org\/{rel}","templated":true}]}}