{"id":220,"date":"2013-05-05T14:53:42","date_gmt":"2013-05-05T12:53:42","guid":{"rendered":"http:\/\/localhost\/ambermuseum\/?p=220"},"modified":"2019-12-18T16:41:06","modified_gmt":"2019-12-18T15:41:06","slug":"wystawa-skamieniale-lzy","status":"publish","type":"post","link":"https:\/\/ambermuseum.eu\/en\/wystawa-skamieniale-lzy\/","title":{"rendered":"&quot;Petrified Tears&quot; exhibition"},"content":{"rendered":"<p><strong>20 leading European jewelry makers have been invited to participate in this unique exhibition, the vast majority of whom have never dealt with amber before. The effect exceeded expectations.<\/strong><\/p>\n\n\n\n<p>In the exhibition, which is really an interesting experiment, the following were invited: S\u0142awomir Fija\u0142kowski, Christiane F\u00f6rster, Karl Fritsch, Sophie Hanagarth, Herman Hermsen, Daniel Kruger, Stefano Marchetti, Pavel Opo\u010densky, Annelies Planteijdt, Ramon Puig Cuy\u00e0s, Wolfgang Rahs, Philip Reich Sajet, Adolfas \u0160aulys, Gisbert Stach, Wilhelm Tasso Mattar, Manuel Vilhena, Arek Wolski and Petra Zimmermann. Most of them have never worked with amber before - and that was the assumption of the originators of this exhibition: they wanted the artists to look at amber with an &#039;uncontaminated&#039; eye and be inspired by it. They were inspired by legends related to amber and their own associations with this stone. The resulting works are maintained in the mainstream characteristic of the current work of their authors, although marked by &quot;amber sensitivity&quot;.<\/p>\n\n\n\n<p>The originators of this exhibition are Wim Vandekerckhove, owner of the Villa de Bondt gallery in Ghent, and prof. S\u0142awomir Fija\u0142kowski, designer and lecturer at the Gda\u0144sk Academy of Fine Arts. So far it has been presented in Ghent, Gdansk and Legnica, it will be on display in Ribnitz-Damgarten and Vilnius. Or maybe the Amber Museum in Krakow?<\/p>","protected":false},"excerpt":{"rendered":"<p>Do udzia\u0142u w tej wyj\u0105tkowej wystawie zosta\u0142o zaproszonych 20 wiod\u0105cych europejskich tw\u00f3rc\u00f3w bi\u017cuterii, kt\u00f3rzy \u2013 w zdecydowanej wi\u0119kszo\u015bci \u2013 nigdy wcze\u015bniej nie mieli do czynienia z bursztynem. Efekt przer\u00f3s\u0142 oczekiwania. W wystawie, b\u0119d\u0105cej tak naprawd\u0119 ciekawym eksperymentem, zaproszeni zostali: S\u0142awomir Fija\u0142kowski, Christiane F\u00f6rster, Karl Fritsch, Sophie Hanagarth, Herman Hermsen, Daniel Kruger, Stefano Marchetti, Pavel Opo\u010densky, [&hellip;]<\/p>\n","protected":false},"author":2,"featured_media":218,"comment_status":"open","ping_status":"open","sticky":false,"template":"","format":"standard","meta":{"_acf_changed":false,"_seopress_robots_primary_cat":"","_seopress_titles_title":"","_seopress_titles_desc":"","_seopress_robots_index":"","footnotes":""},"categories":[4],"tags":[],"class_list":{"0":"post-220","1":"post","2":"type-post","3":"status-publish","4":"format-standard","5":"has-post-thumbnail","7":"category-informacje"},"acf":[],"_links":{"self":[{"href":"https:\/\/ambermuseum.eu\/en\/wp-json\/wp\/v2\/posts\/220","targetHints":{"allow":["GET"]}}],"collection":[{"href":"https:\/\/ambermuseum.eu\/en\/wp-json\/wp\/v2\/posts"}],"about":[{"href":"https:\/\/ambermuseum.eu\/en\/wp-json\/wp\/v2\/types\/post"}],"author":[{"embeddable":true,"href":"https:\/\/ambermuseum.eu\/en\/wp-json\/wp\/v2\/users\/2"}],"replies":[{"embeddable":true,"href":"https:\/\/ambermuseum.eu\/en\/wp-json\/wp\/v2\/comments?post=220"}],"version-history":[{"count":0,"href":"https:\/\/ambermuseum.eu\/en\/wp-json\/wp\/v2\/posts\/220\/revisions"}],"wp:featuredmedia":[{"embeddable":true,"href":"https:\/\/ambermuseum.eu\/en\/wp-json\/wp\/v2\/media\/218"}],"wp:attachment":[{"href":"https:\/\/ambermuseum.eu\/en\/wp-json\/wp\/v2\/media?parent=220"}],"wp:term":[{"taxonomy":"category","embeddable":true,"href":"https:\/\/ambermuseum.eu\/en\/wp-json\/wp\/v2\/categories?post=220"},{"taxonomy":"post_tag","embeddable":true,"href":"https:\/\/ambermuseum.eu\/en\/wp-json\/wp\/v2\/tags?post=220"}],"curies":[{"name":"wp","href":"https:\/\/api.w.org\/{rel}","templated":true}]}}