{"id":6255,"date":"2023-03-03T15:14:44","date_gmt":"2023-03-03T14:14:44","guid":{"rendered":"https:\/\/ambermuseum.eu\/?p=6255"},"modified":"2023-10-03T09:55:15","modified_gmt":"2023-10-03T07:55:15","slug":"bursztyn-skarb-polski-relacja-z-wystawy-w-muzeum-przyrodniczym-isez-pan-w-krakowie","status":"publish","type":"post","link":"https:\/\/ambermuseum.eu\/en\/bursztyn-skarb-polski-relacja-z-wystawy-w-muzeum-przyrodniczym-isez-pan-w-krakowie\/","title":{"rendered":"&quot;Amber. Polish Treasure&quot; - a report from the exhibition at the ISEZ PAN Natural History Museum in Krakow"},"content":{"rendered":"\n<p><\/p>\n\n\n\n<p>Od 14 grudnia 2022r. do 10 marca 2023r. w Muzeum Przyrodniczym ISEZ PAN w Krakowie dost\u0119pna jest dla zwiedzaj\u0105cych wystawa pod tytu\u0142em \"Bursztyn. Skarb Polski\". Wystawa ta prezentuje szerok\u0105 gam\u0119 dzie\u0142 z wykorzystaniem bursztynu w przedmiotach ozdobnych oraz bi\u017cuterii. Jest to okazja do poznania dzie\u0142 bior\u0105cych udzia\u0142 w promocji Miasta Gda\u0144sk jako \u015bwiatowej stolicy bursztynu. Znajdziemy tam niezwyk\u0142e projekty naszych polskich artyst\u00f3w pracuj\u0105cych z bursztynem, zar\u00f3wno te tradycyjne i klasyczne, jak i wpisuj\u0105ce si\u0119 w zupe\u0142nie nowoczesne formy wizualne. Obracamy si\u0119 zatem wok\u00f3\u0142 XIX-wiecznych fajek, dzie\u0142 nawi\u0105zuj\u0105cych do sztuki art deco, a\u017c po nowoczesne projekty Mariusza Gliwi\u0144skiego podczas wystawy \"Moda na bursztyn\". Dodatkowo, na wystawie znajdziemy przepi\u0119kne okazy naturalnych bry\u0142 oraz inkluzji b\u0119d\u0105cych w\u0142asno\u015bci\u0105 Muzeum Przyrodniczego ISEZ PAN w Krakowie.&nbsp;<\/p>\n\n\n\n<p>Bursztyn jako naturalny skarb Polski otrzymuje od lat nale\u017cne mu zainteresowanie w formie nie tylko corocznych&nbsp; Targ\u00f3w Bursztynu Amberif, ale tak\u017ce poprzez liczne wystawy i prezentowanie na nich historii, sztuki, nowoczesnych wizji naszego polskiego \u201cz\u0142ota\u201d. Podczas odwiedzin w Muzeum Przyrodniczym przy ul. \u015bw. Sebastiana w Krakowie mo\u017cemy obejrze\u0107 liczne elementy bi\u017cuterii wielu znanych i cenionych artyst\u00f3w zwi\u0105zanych z bursztynem, ale tak\u017ce przyjrze\u0107 si\u0119 historii inkluzji oraz im samym - inkluzjom zamkni\u0119tym w czasie\u2026w bursztynie.&nbsp;<\/p>\n\n\n\n<p>A w kwestii czasu\u2026&nbsp;<\/p>\n\n\n\n<p>Na wystawie mo\u017cemy obejrze\u0107 przy specjalnym stanowisku przer\u00f3\u017cne inkluzje i pozna\u0107 tajniki ich pochodzenia. Jak to si\u0119 sta\u0142o, \u017ce znalaz\u0142y si\u0119 w bursztynie? Czym s\u0105? Jak wygl\u0105daj\u0105 po 40 milionach lat sp\u0119dzonych w skamienia\u0142ej \u017cywicy?&nbsp;<\/p>\n\n\n<div class=\"wp-block-image\">\n<figure class=\"aligncenter size-large is-resized\"><img loading=\"lazy\" decoding=\"async\" src=\"https:\/\/ambermuseum.eu\/wp-content\/uploads\/20230302_094537-629x533.jpg\" alt=\"\" class=\"wp-image-6257\" width=\"448\" height=\"380\" srcset=\"https:\/\/ambermuseum.eu\/wp-content\/uploads\/20230302_094537-629x533.jpg 629w, https:\/\/ambermuseum.eu\/wp-content\/uploads\/20230302_094537-768x651.jpg 768w, https:\/\/ambermuseum.eu\/wp-content\/uploads\/20230302_094537-1536x1302.jpg 1536w, https:\/\/ambermuseum.eu\/wp-content\/uploads\/20230302_094537-14x12.jpg 14w, https:\/\/ambermuseum.eu\/wp-content\/uploads\/20230302_094537.jpg 1920w\" sizes=\"auto, (max-width: 448px) 100vw, 448px\" \/><\/figure>\n<\/div>\n\n\n<p><\/p>\n\n\n\n<p>Wystawa ta jest tak\u017ce wspania\u0142\u0105 okazj\u0105 do przyjrzenia si\u0119 nietypowym bry\u0142om bursztynu. Mo\u017cemy zobaczy\u0107 tam m.in. bry\u0142\u0119 z per\u0142owym refleksem w postaci skupienia p\u0119cherzyk\u00f3w powietrza (dar Jacka Serafina), oraz niezwykle pomys\u0142owym dzie\u0142om sztuki jak np. wyt\u0142aczanka z bursztynowymi jajkami, czy okulary z bursztynem zamiast szkie\u0142 - widok z nich zapewne by\u0142by i\u015bcie s\u0142oneczny, bior\u0105c pod uwag\u0119 staro\u017cytne nawi\u0105zanie do pojmowania bursztynu jako kamienia s\u0142onecznego. Ponadto, na okalaj\u0105cych wystaw\u0119 \u015bcianach przeczytamy ciekawe historie o wydobywaniu bursztynu, gda\u0144skich bursztynnikach i obejrzymy niezwyk\u0142e dzie\u0142a Lucjana Myrty - niekwestionowanego autorytetu w bursztynowym \u015bwiecie sztuki i fascynacji tym wyj\u0105tkowym surowcem (m. in. s\u0142ynny \u201cSkarbiec\u201d).\u00a0<\/p>\n\n\n<div class=\"wp-block-image\">\n<figure class=\"aligncenter size-large\"><img loading=\"lazy\" decoding=\"async\" width=\"379\" height=\"533\" src=\"https:\/\/ambermuseum.eu\/wp-content\/uploads\/20230302_094607-379x533.jpg\" alt=\"\" class=\"wp-image-6267\" srcset=\"https:\/\/ambermuseum.eu\/wp-content\/uploads\/20230302_094607-379x533.jpg 379w, https:\/\/ambermuseum.eu\/wp-content\/uploads\/20230302_094607-768x1081.jpg 768w, https:\/\/ambermuseum.eu\/wp-content\/uploads\/20230302_094607-1091x1536.jpg 1091w, https:\/\/ambermuseum.eu\/wp-content\/uploads\/20230302_094607-1455x2048.jpg 1455w, https:\/\/ambermuseum.eu\/wp-content\/uploads\/20230302_094607-9x12.jpg 9w, https:\/\/ambermuseum.eu\/wp-content\/uploads\/20230302_094607-scaled.jpg 1818w\" sizes=\"auto, (max-width: 379px) 100vw, 379px\" \/><figcaption class=\"wp-element-caption\"><em>Bursztyn ba\u0142tycki per\u0142owy<\/em>, Muzeum Przyrodnicze ISEZ PAN<\/figcaption><\/figure>\n<\/div>\n\n\n<p>Wa\u017cn\u0105 rol\u0119 odgrywa tutaj Miasto Gda\u0144sk, b\u0119d\u0105ce stolic\u0105 bursztynu, nie tylko polsk\u0105, ale i \u015bwiatow\u0105. Promocja miasta si\u0119ga bowiem dalej ni\u017c Europa, a to wszystko m. in. dzi\u0119ki takim artystom jak Mariusz Gliwi\u0144ski, kt\u00f3rego projekty i dzie\u0142a poznali ju\u017c mi\u0142o\u015bnicy bursztynu z niemal ca\u0142ego \u015bwiata. By\u0107 mo\u017ce nie jest to tak powszechn\u0105 informacj\u0105, ale okazuje si\u0119, \u017ce jego bi\u017cuteri\u0119 nosi np. Kylie Minoque czy Rod Steward. Podziwia\u0107 mo\u017cna na tej ekspozycji bi\u017cuteri\u0119 Gliwi\u0144skiego inspirowan\u0105 mod\u0105, architektur\u0105 czy cho\u0107by podr\u00f3\u017cami - w ka\u017cdym elemencie odnajdziemy co\u015b ze wspomnie\u0144 i fascynacji artysty. Jak dowiadujemy si\u0119 z noty prasowej kurator\u00f3w wystawy - Pana Roberta Pytlosa oraz prof. S\u0142awomira Fija\u0142kowskiego z ASP w Gda\u0144sku:&nbsp;<\/p>\n\n\n\n<p><em>Mariusz Gliwi\u0144ski jako pierwszy polski projektant prezentowa\u0142 swoje prace w presti\u017cowej sekcji Design Center na targach brylant\u00f3w JCK Las Vegas oraz na Design Week w Pekinie. Dowodem uznania dla artysty jest tak\u017ce wieloletni udzia\u0142 w rz\u0105dowym programie \u201eDesign in Poland\u201d, promuj\u0105cym polskie wzornictwo za granic\u0105. Artysta stale wsp\u00f3\u0142pracuje z kreatorami mody. Nale\u017c\u0105ca do niego Ambermoda jest jedn\u0105 z pierwszych polskich firm, kt\u00f3re wprowadzi\u0142y bursztyn do \u015bwiata mody: kolekcje prezentowane by\u0142y na wybiegach w Chinach, USA, Belgii, Niemczech i Hiszpanii.<\/em> <\/p>\n\n\n<div class=\"wp-block-image\">\n<figure class=\"aligncenter size-large is-resized\"><img loading=\"lazy\" decoding=\"async\" src=\"https:\/\/ambermuseum.eu\/wp-content\/uploads\/20230302_100048-706x533.jpg\" alt=\"\" class=\"wp-image-6260\" width=\"523\" height=\"395\" srcset=\"https:\/\/ambermuseum.eu\/wp-content\/uploads\/20230302_100048-706x533.jpg 706w, https:\/\/ambermuseum.eu\/wp-content\/uploads\/20230302_100048-768x580.jpg 768w, https:\/\/ambermuseum.eu\/wp-content\/uploads\/20230302_100048-1536x1159.jpg 1536w, https:\/\/ambermuseum.eu\/wp-content\/uploads\/20230302_100048-16x12.jpg 16w, https:\/\/ambermuseum.eu\/wp-content\/uploads\/20230302_100048.jpg 1920w\" sizes=\"auto, (max-width: 523px) 100vw, 523px\" \/><figcaption class=\"wp-element-caption\">Prezentacja bi\u017cuterii z kolekcji Mariusza Gliwi\u0144skiego <\/figcaption><\/figure>\n<\/div>\n\n\n<p><\/p>\n\n\n\n<p>Do obejrzenia s\u0105 tak\u017ce prace&nbsp; cz\u0142onk\u00f3w Stowarzyszenia Tw\u00f3rc\u00f3w Form Z\u0142otniczych pokazywane latem w Mi\u0119dzyzdrojach podczas Festiwalu Gwiazd. To w\u0142a\u015bnie w tej cz\u0119\u015bci mo\u017cemy przyjrze\u0107 si\u0119 replikom s\u0142ynnych prezent\u00f3w podarowanych parze ksi\u0105\u017c\u0119cej z Wielkiej Brytanii - Williamowi i Kate (komplet bi\u017cuterii i spinek autorstwa Adama Pstr\u0105gowskiego S&amp;A Jewellery Design) oraz wyj\u0105tkow\u0105 bransolet\u0119 z mlecznych bursztyn\u00f3w autorstwa Leszka G\u00f3rskiego dla Michelle Obamy.&nbsp;<\/p>\n\n\n\n<p>Jak czytamy dalej na temat cz\u0119\u015bci wystawy po\u015bwi\u0119conej temu co dopiero nadejdzie w temacie bursztynowej mody:&nbsp;<\/p>\n\n\n\n<p><em>Wystawa \u201eTrend Book 2022\u201d pokazuje z kolei to co b\u0119dzie modne w nieodleg\u0142ym czasie. Celem projektu jest implementacja aktualnych trend\u00f3w stylistycznych w projektowaniu bi\u017cuterii. Trend Book to dwana\u015bcie lat nieprzerwanych analiz, kt\u00f3rych efektem jest seria publikacji i wystaw. To r\u00f3wnie\u017c kompleksowa dokumentacja przemian technologicznych, stylistycznych i marketingowych bursztynnictwa, czyli wa\u017cnego wyr\u00f3\u017cnika nie tylko gda\u0144skiej kultury materialnej.&nbsp;<\/em><\/p>\n\n\n\n<p>Obok niezwyk\u0142ych dzie\u0142 spod znaku MG - Mariusza Gliwi\u0144skiego, podziwia\u0107 mo\u017cemy tak\u017ce dzie\u0142a autorstwa m.in. Tomasza Stangreckiego, przypominaj\u0105ce p\u0142askorze\u017aby z nawi\u0105zaniem do staro\u017cytno\u015bci. Na stronie artysty czytamy [1]:<\/p>\n\n\n\n<p><em>Owocem moich wieloletnich poszukiwa\u0144 jest unikatowa kolekcja autorskich obiekt\u00f3w, mikrorze\u017ab, tr\u00f3jwymiarowych p\u0142askorze\u017abionych form \u2013 jedynych, niepowtarzalnych i fascynuj\u0105cych \u2013 z motywami nawi\u0105zuj\u0105cymi do archetyp\u00f3w i antropologicznych symboli z historii kultury.<\/em> <\/p>\n\n\n<div class=\"wp-block-image\">\n<figure class=\"aligncenter size-large is-resized\"><img loading=\"lazy\" decoding=\"async\" src=\"https:\/\/ambermuseum.eu\/wp-content\/uploads\/20230302_094049-618x533.jpg\" alt=\"\" class=\"wp-image-6263\" width=\"508\" height=\"438\" srcset=\"https:\/\/ambermuseum.eu\/wp-content\/uploads\/20230302_094049-618x533.jpg 618w, https:\/\/ambermuseum.eu\/wp-content\/uploads\/20230302_094049-768x662.jpg 768w, https:\/\/ambermuseum.eu\/wp-content\/uploads\/20230302_094049-1536x1325.jpg 1536w, https:\/\/ambermuseum.eu\/wp-content\/uploads\/20230302_094049-14x12.jpg 14w, https:\/\/ambermuseum.eu\/wp-content\/uploads\/20230302_094049.jpg 1920w\" sizes=\"auto, (max-width: 508px) 100vw, 508px\" \/><figcaption class=\"wp-element-caption\">Autor dzie\u0142 - Tomasz Stangrecki <\/figcaption><\/figure>\n<\/div>\n\n\n<p>Wystawa przepe\u0142niona jest pi\u0119knymi okazami bi\u017cuterii, wzbogaconej o kamienie szlachetne i materia\u0142y naturalne, co oczywi\u015bcie \u0142\u0105czy si\u0119 z ide\u0105 naturalno\u015bci samego bursztynu ba\u0142tyckiego. Korona (Wojciech Ryga\u0142o \u201cKorona Kr\u00f3l\u00f3w\u201d) i ber\u0142o (Dorota Cenecka) widoczne na zamieszczonym poni\u017cej zdj\u0119ciu to jedne z licznych eksponat\u00f3w zachwycaj\u0105cych oko swoj\u0105 pomys\u0142owo\u015bci\u0105, nawi\u0105zuj\u0105ce tak mocno do naszego podej\u015bcia wzgl\u0119dem bursztynu - jak do naszego ponadczasowego skarbu.&nbsp;<\/p>\n\n\n<div class=\"wp-block-image\">\n<figure class=\"aligncenter size-large is-resized\"><img loading=\"lazy\" decoding=\"async\" src=\"https:\/\/ambermuseum.eu\/wp-content\/uploads\/20230302_094242-600x533.jpg\" alt=\"\" class=\"wp-image-6256\" width=\"501\" height=\"445\" srcset=\"https:\/\/ambermuseum.eu\/wp-content\/uploads\/20230302_094242-600x533.jpg 600w, https:\/\/ambermuseum.eu\/wp-content\/uploads\/20230302_094242-768x682.jpg 768w, https:\/\/ambermuseum.eu\/wp-content\/uploads\/20230302_094242-1536x1365.jpg 1536w, https:\/\/ambermuseum.eu\/wp-content\/uploads\/20230302_094242-14x12.jpg 14w, https:\/\/ambermuseum.eu\/wp-content\/uploads\/20230302_094242.jpg 1920w\" sizes=\"auto, (max-width: 501px) 100vw, 501px\" \/><figcaption class=\"wp-element-caption\"><em>Korona Kr\u00f3low <\/em>- Wojciech Ryga\u0142o i <em>Ber\u0142o <\/em>- Dorota Cenecka <\/figcaption><\/figure>\n<\/div>\n\n\n<p>Bardzo ciekawym elementem wystawy, tu\u017c obok kontekstu swoi\u015bcie historycznego, jest kolekcja bi\u017cuterii b\u0119d\u0105cej&nbsp; prototypami cyfrowymi wykonanymi w wirtualnej rzeczywisto\u015bci. Autorami s\u0105 tutaj m.in.: Maria G\u0142owienka, Martyna Pado\u0142, Patryk Laskowski, Yana Khramohina, Kuba Neumann, Maja Szoszy\u0144ska, Nikodem Mruczkowski. Jest to bardzo ciekawy przyk\u0142ad niekonwencjonalnego spojrzenia na sztuk\u0119 tworzenia bi\u017cuterii, by\u0107 mo\u017ce rozpoczynaj\u0105cy kolejn\u0105 i now\u0105 perspektyw\u0119 w tej dziedzinie.&nbsp; <\/p>\n\n\n<div class=\"wp-block-image\">\n<figure class=\"aligncenter size-large is-resized\"><img loading=\"lazy\" decoding=\"async\" src=\"https:\/\/ambermuseum.eu\/wp-content\/uploads\/20230302_095005-714x533.jpg\" alt=\"\" class=\"wp-image-6258\" width=\"512\" height=\"382\" srcset=\"https:\/\/ambermuseum.eu\/wp-content\/uploads\/20230302_095005-714x533.jpg 714w, https:\/\/ambermuseum.eu\/wp-content\/uploads\/20230302_095005-768x574.jpg 768w, https:\/\/ambermuseum.eu\/wp-content\/uploads\/20230302_095005-1536x1147.jpg 1536w, https:\/\/ambermuseum.eu\/wp-content\/uploads\/20230302_095005-16x12.jpg 16w, https:\/\/ambermuseum.eu\/wp-content\/uploads\/20230302_095005.jpg 1920w\" sizes=\"auto, (max-width: 512px) 100vw, 512px\" \/><\/figure>\n<\/div>\n\n\n<p>Znajdziemy tam tak\u017ce elementy bi\u017cuterii z kolekcji \u201cTor\u201d autorstwa Tomasza Kargula, tworz\u0105cego w ideologii zero waste. Jest to bi\u017cuteria minimalistyczna, ale niezwykle unikatowa, prawdziwie rozchwytywana&nbsp; w ostatnich latach przez klient\u00f3w z Polski i \u015bwiata. Spotykamy bi\u017cuteri\u0119 jedynego w swoim rodzaju Jana Pomianowskiego, inspiruj\u0105cego si\u0119 klejnotami kr\u00f3lewskimi (jest to autor m. in. kompletu bi\u017cuterii wykonanego dla norweskiej kr\u00f3lowej Sonji). Obejrzymy te\u017c bi\u017cuteri\u0119 Pauliny Binek - artystki wykorzystuj\u0105cej tak r\u00f3\u017cne jak i wspania\u0142e po\u0142\u0105czenia bursztynu z kruszcami i materia\u0142ami naturalnymi, niejednokrotnie b\u0119d\u0105cymi uczt\u0105 dla koneser\u00f3w sztuki. Obok nich dost\u0119pne do podziwiania s\u0105 projekty autor\u00f3w takich jak m.in.: Jan Lekszycki, Dorota Cenecka, Mariusz Tymi\u0144ski, Marek Huculak, Ryszarda Krzesimowska, Dariusz Zara\u0144ski, Agata Bie\u0144kowska, Jolanta i Andrzej Kupniewscy.&nbsp;&nbsp;<\/p>\n\n\n\n<p>To nic dziwnego, \u017ce Gda\u0144sk znalaz\u0142 si\u0119 na chwil\u0119 w Krakowie, gdy\u017c oba te miasta, rozkochane w bursztynie, ch\u0119tnie wsp\u00f3\u0142istniej\u0105 w promocji tego skarbu na skal\u0119 \u015bwiatow\u0105. Gda\u0144sk sta\u0142 si\u0119 mi\u0119dzynarodowym liderem w bursztynnictwie, a bi\u017cuteria syngowana znakiem\u201dmade in Poland\u201d to oznaka produktu najwy\u017cszej jako\u015bci.&nbsp;<\/p>\n\n\n\n<p>Ze s\u0142\u00f3w noty prasowej dowiadujemy si\u0119 ponadto, \u017ce:&nbsp;<\/p>\n\n\n\n<p><em>Wystawa pokazuje, \u017ce najwa\u017cniejszym czynnikiem, kt\u00f3ry tw\u00f3rcom bursztynowej bi\u017cuterii pozwoli\u0142 odnie\u015b\u0107 spektakularny mi\u0119dzynarodowy sukces, sta\u0142o si\u0119 wzornictwo.&nbsp;<\/em><\/p>\n\n\n\n<p>Sprawia to, \u017ce Gda\u0144sk jest \u015bwiatowym symbolem zwi\u0105zanym z bursztynem ba\u0142tyckim, promowanym przez rozpoznawalne i pe\u0142ne atrakcji Targi Bursztynu Amberif oraz samo Muzeum Bursztynu w Gda\u0144sku, zapewniaj\u0105ce prawdziw\u0105 uczt\u0119 dla oczu. Do\u0142\u0105cza si\u0119 do tego w pe\u0142ni godna zainteresowania i zachwytu wystawa \u201cBursztyn. Skarb Polski\u201d, kt\u00f3rej kuratorami s\u0105: Pan Robert Pytlos i prof. S\u0142awomir Fija\u0142kowski z ASP w Gda\u0144sku, natomiast wsp\u00f3\u0142kuratorkami s\u0105 Panie: Ludmi\u0142a Skulbaszewska z Muzeum Bursztynu w Gda\u0144sku oraz Dorota Cenecka z STFZ.\u00a0 <\/p>\n\n\n<div class=\"wp-block-image\">\n<figure class=\"aligncenter size-large is-resized\"><img loading=\"lazy\" decoding=\"async\" src=\"https:\/\/ambermuseum.eu\/wp-content\/uploads\/20230302_100108-711x533.jpg\" alt=\"\" class=\"wp-image-6259\" width=\"510\" height=\"382\" srcset=\"https:\/\/ambermuseum.eu\/wp-content\/uploads\/20230302_100108-711x533.jpg 711w, https:\/\/ambermuseum.eu\/wp-content\/uploads\/20230302_100108-768x576.jpg 768w, https:\/\/ambermuseum.eu\/wp-content\/uploads\/20230302_100108-1536x1152.jpg 1536w, https:\/\/ambermuseum.eu\/wp-content\/uploads\/20230302_100108-16x12.jpg 16w, https:\/\/ambermuseum.eu\/wp-content\/uploads\/20230302_100108.jpg 1920w\" sizes=\"auto, (max-width: 510px) 100vw, 510px\" \/><\/figure>\n<\/div>\n\n\n<p>(Zdj\u0119cia w\u0142asne wykonane za zgod\u0105 kurator\u00f3w wystawy) <\/p>\n\n\n\n<hr class=\"wp-block-separator has-alpha-channel-opacity\" \/>\n\n\n\n<p>[1] &nbsp;https:\/\/stangrecki.com.pl\/ [dost\u0119p: 3.0.2023r.] <\/p>\n\n\n\n<p><\/p>\n\n\n\n<p><strong><em>Autor: Anna Cie\u0107ko <\/em><\/strong><\/p>\n\n\n\n<p><\/p>\n\n\n\n<p><\/p>\n","protected":false},"excerpt":{"rendered":"<p>Od 14 grudnia 2022r. do 10 marca 2023r. w Muzeum Przyrodniczym ISEZ PAN w Krakowie dost\u0119pna jest dla zwiedzaj\u0105cych wystawa pod tytu\u0142em \"Bursztyn. Skarb Polski\". Wystawa ta prezentuje szerok\u0105 gam\u0119 dzie\u0142 z wykorzystaniem bursztynu w przedmiotach ozdobnych oraz bi\u017cuterii. Jest to okazja do poznania dzie\u0142 bior\u0105cych udzia\u0142 w promocji Miasta Gda\u0144sk jako \u015bwiatowej stolicy bursztynu. [&hellip;]<\/p>\n","protected":false},"author":2,"featured_media":6261,"comment_status":"closed","ping_status":"closed","sticky":false,"template":"","format":"standard","meta":{"_acf_changed":false,"_seopress_robots_primary_cat":"","_seopress_titles_title":"","_seopress_titles_desc":"","_seopress_robots_index":"","footnotes":""},"categories":[2],"tags":[],"class_list":{"0":"post-6255","1":"post","2":"type-post","3":"status-publish","4":"format-standard","5":"has-post-thumbnail","7":"category-wystawy"},"acf":[],"_links":{"self":[{"href":"https:\/\/ambermuseum.eu\/en\/wp-json\/wp\/v2\/posts\/6255","targetHints":{"allow":["GET"]}}],"collection":[{"href":"https:\/\/ambermuseum.eu\/en\/wp-json\/wp\/v2\/posts"}],"about":[{"href":"https:\/\/ambermuseum.eu\/en\/wp-json\/wp\/v2\/types\/post"}],"author":[{"embeddable":true,"href":"https:\/\/ambermuseum.eu\/en\/wp-json\/wp\/v2\/users\/2"}],"replies":[{"embeddable":true,"href":"https:\/\/ambermuseum.eu\/en\/wp-json\/wp\/v2\/comments?post=6255"}],"version-history":[{"count":0,"href":"https:\/\/ambermuseum.eu\/en\/wp-json\/wp\/v2\/posts\/6255\/revisions"}],"wp:featuredmedia":[{"embeddable":true,"href":"https:\/\/ambermuseum.eu\/en\/wp-json\/wp\/v2\/media\/6261"}],"wp:attachment":[{"href":"https:\/\/ambermuseum.eu\/en\/wp-json\/wp\/v2\/media?parent=6255"}],"wp:term":[{"taxonomy":"category","embeddable":true,"href":"https:\/\/ambermuseum.eu\/en\/wp-json\/wp\/v2\/categories?post=6255"},{"taxonomy":"post_tag","embeddable":true,"href":"https:\/\/ambermuseum.eu\/en\/wp-json\/wp\/v2\/tags?post=6255"}],"curies":[{"name":"wp","href":"https:\/\/api.w.org\/{rel}","templated":true}]}}